{"id":125,"date":"2022-07-27T09:24:08","date_gmt":"2022-07-27T09:24:08","guid":{"rendered":"https:\/\/anaconstantino.com\/?p=125"},"modified":"2022-07-28T08:18:39","modified_gmt":"2022-07-28T08:18:39","slug":"sintomas-de-depressao","status":"publish","type":"post","link":"https:\/\/anaconstantino.com\/?p=125","title":{"rendered":"Sintomas de Depress\u00e3o"},"content":{"rendered":"\n<p>A depress\u00e3o apresenta um conjunto espec\u00edfico de sintomas e comportamentos que a diferenciam de outras neuroses: ins\u00f3nia ou sono demais, apatia, falta ou aumento de apetite, falta de concentra\u00e7\u00e3o ou des\u00e2nimo.<\/p>\n\n\n\n<p>Normalmente, as pessoas deprimidas procuram ajuda por n\u00e3o sentirem mais amor pelos membros da sua fam\u00edlia ou por terem perdido o gosto pela vida. \u00c0s vezes, vivenciam apatia, mas n\u00e3o conseguem ter consci\u00eancia da sua tristeza. Ou sentem vergonha quando a sua tristeza parece excessiva ou inadequada face \u00e0 sua situa\u00e7\u00e3o de vida.<\/p>\n\n\n\n<p>O estado depressivo de uma pessoa \u00e9 um processo, que se vem acumulando ao longo do tempo, cheio de altos e baixos, at\u00e9 chegar o momento do mergulho no des\u00e2nimo total.&nbsp;<\/p>\n\n\n\n<p><strong>Tristeza<\/strong><\/p>\n\n\n\n<p>Em geral, a pessoa est\u00e1 sofrendo de dor ps\u00edquica numa ocasi\u00e3o em que a toler\u00e2ncia e a sua capacidade para lidar com qualquer tipo de sofrimento est\u00e3o num n\u00edvel baixo;<\/p>\n\n\n\n<p><strong>Culpa<\/strong><\/p>\n\n\n\n<p>O sentimento de culpa relaciona-se com frequ\u00eancia ao mecanismo de assumir uma parcela irreal de responsabilidade pelo comportamento de terceiros<\/p>\n\n\n\n<p><strong>Vergonha<\/strong><\/p>\n\n\n\n<p>Tem origem na cren\u00e7a de estar sendo julgado como infantil, fraco, tolo ou inferior.<\/p>\n\n\n\n<p><strong>Motiva\u00e7\u00e3o<\/strong><\/p>\n\n\n\n<p>A perda da motiva\u00e7\u00e3o nas situa\u00e7\u00f5es mais simples \u00e9 com frequ\u00eancia um dos sintomas principais da depress\u00e3o. A pessoa n\u00e3o encontra est\u00edmulo interno para realizar tarefas. Acha-se incapaz de realizar a tarefa ou que n\u00e3o derivar\u00e1 nenhuma satisfa\u00e7\u00e3o ao faz\u00ea-la.<\/p>\n\n\n\n<p><strong>Aumento da depend\u00eancia<\/strong><\/p>\n\n\n\n<p>A ajuda frequente de parentes e amigos traz um al\u00edvio tempor\u00e1rio, por\u00e9m, tende a refor\u00e7ar a sua depend\u00eancia e baixa-estima.<\/p>\n\n\n\n<p><strong>Pensamentos absolutistas<\/strong> (tudo ou nada)<\/p>\n\n\n\n<p>As pessoas deprimidas tendem a perceber as consequ\u00eancias negativas como irrevers\u00edveis.<\/p>\n\n\n\n<p><strong>Dificuldades de concentra\u00e7\u00e3o e mem\u00f3ria<\/strong><\/p>\n\n\n\n<p>&nbsp;A pessoa \u00e9 incapaz de recapitular informa\u00e7\u00f5es por n\u00e3o se concentrar no material a ser aprendido.&nbsp;<\/p>\n\n\n\n<p><strong>Passividade, evita\u00e7\u00e3o e In\u00e9rcia<\/strong><\/p>\n\n\n\n<p>A passividade e a inatividade observadas na depress\u00e3o t\u00eam sido encaradas como uma forma de inibi\u00e7\u00e3o neurol\u00f3gica e retardamento psicomotor.<\/p>\n\n\n\n<p><strong>D\u00e9fice nas aptid\u00f5es sociais<\/strong><\/p>\n\n\n\n<p>Muitas vezes as pessoas relatam que possu\u00edam c\u00edrculos de amizades, mas mesmo ap\u00f3s a depress\u00e3o, tem dificuldades de formar ou retomar v\u00ednculos.<\/p>\n\n\n\n<p><strong>Dist\u00farbios do sono<\/strong><\/p>\n\n\n\n<p>Estes problemas incluem dificuldades de adormecer, sono agitado, e o despertar cedo demais pela manh\u00e3.<\/p>\n\n\n\n<p><strong>Dist\u00farbios do apetite sexual<\/strong><\/p>\n\n\n\n<p>A perda do apetite e do interesse sexual s\u00e3o manifesta\u00e7\u00f5es da perda generalizada de prazer da pessoa em quaisquer atividades.<\/p>\n","protected":false},"excerpt":{"rendered":"<p>A depress\u00e3o apresenta um conjunto espec\u00edfico de sintomas e comportamentos que a diferenciam de outras neuroses: ins\u00f3nia ou sono demais, apatia, falta ou aumento de apetite, falta de concentra\u00e7\u00e3o ou des\u00e2nimo. Normalmente, as pessoas deprimidas procuram ajuda por n\u00e3o sentirem mais amor pelos membros da sua fam\u00edlia ou por terem perdido o gosto pela vida. [&hellip;]<\/p>\n","protected":false},"author":1,"featured_media":0,"comment_status":"open","ping_status":"open","sticky":false,"template":"","format":"standard","meta":{"footnotes":""},"categories":[1],"tags":[],"class_list":["post-125","post","type-post","status-publish","format-standard","hentry","category-uncategorized"],"_links":{"self":[{"href":"https:\/\/anaconstantino.com\/index.php?rest_route=\/wp\/v2\/posts\/125","targetHints":{"allow":["GET"]}}],"collection":[{"href":"https:\/\/anaconstantino.com\/index.php?rest_route=\/wp\/v2\/posts"}],"about":[{"href":"https:\/\/anaconstantino.com\/index.php?rest_route=\/wp\/v2\/types\/post"}],"author":[{"embeddable":true,"href":"https:\/\/anaconstantino.com\/index.php?rest_route=\/wp\/v2\/users\/1"}],"replies":[{"embeddable":true,"href":"https:\/\/anaconstantino.com\/index.php?rest_route=%2Fwp%2Fv2%2Fcomments&post=125"}],"version-history":[{"count":2,"href":"https:\/\/anaconstantino.com\/index.php?rest_route=\/wp\/v2\/posts\/125\/revisions"}],"predecessor-version":[{"id":128,"href":"https:\/\/anaconstantino.com\/index.php?rest_route=\/wp\/v2\/posts\/125\/revisions\/128"}],"wp:attachment":[{"href":"https:\/\/anaconstantino.com\/index.php?rest_route=%2Fwp%2Fv2%2Fmedia&parent=125"}],"wp:term":[{"taxonomy":"category","embeddable":true,"href":"https:\/\/anaconstantino.com\/index.php?rest_route=%2Fwp%2Fv2%2Fcategories&post=125"},{"taxonomy":"post_tag","embeddable":true,"href":"https:\/\/anaconstantino.com\/index.php?rest_route=%2Fwp%2Fv2%2Ftags&post=125"}],"curies":[{"name":"wp","href":"https:\/\/api.w.org\/{rel}","templated":true}]}}